{"id":25713,"date":"2012-02-22T15:13:03","date_gmt":"2012-02-22T15:13:03","guid":{"rendered":"https:\/\/trc.pt\/\/2012\/02\/22\/ag897073tbctb-ac2\/"},"modified":"2012-02-22T15:13:03","modified_gmt":"2012-02-22T15:13:03","slug":"ag897073tbctb-ac2","status":"publish","type":"post","link":"https:\/\/trc.pt\/2020\/ag897073tbctb-ac2\/","title":{"rendered":"Honor\u00e1rios. Laudo. Advogado. Ordem dos advogados"},"content":{"rendered":"<div class=\"pvc_clear\"><\/div>\n<p id=\"pvc_stats_25713\" class=\"pvc_stats all  \" data-element-id=\"25713\" style=\"\"><i class=\"pvc-stats-icon small\" aria-hidden=\"true\"><svg aria-hidden=\"true\" focusable=\"false\" data-prefix=\"far\" data-icon=\"chart-bar\" role=\"img\" xmlns=\"http:\/\/www.w3.org\/2000\/svg\" viewBox=\"0 0 512 512\" class=\"svg-inline--fa fa-chart-bar fa-w-16 fa-2x\"><path fill=\"currentColor\" d=\"M396.8 352h22.4c6.4 0 12.8-6.4 12.8-12.8V108.8c0-6.4-6.4-12.8-12.8-12.8h-22.4c-6.4 0-12.8 6.4-12.8 12.8v230.4c0 6.4 6.4 12.8 12.8 12.8zm-192 0h22.4c6.4 0 12.8-6.4 12.8-12.8V140.8c0-6.4-6.4-12.8-12.8-12.8h-22.4c-6.4 0-12.8 6.4-12.8 12.8v198.4c0 6.4 6.4 12.8 12.8 12.8zm96 0h22.4c6.4 0 12.8-6.4 12.8-12.8V204.8c0-6.4-6.4-12.8-12.8-12.8h-22.4c-6.4 0-12.8 6.4-12.8 12.8v134.4c0 6.4 6.4 12.8 12.8 12.8zM496 400H48V80c0-8.84-7.16-16-16-16H16C7.16 64 0 71.16 0 80v336c0 17.67 14.33 32 32 32h464c8.84 0 16-7.16 16-16v-16c0-8.84-7.16-16-16-16zm-387.2-48h22.4c6.4 0 12.8-6.4 12.8-12.8v-70.4c0-6.4-6.4-12.8-12.8-12.8h-22.4c-6.4 0-12.8 6.4-12.8 12.8v70.4c0 6.4 6.4 12.8 12.8 12.8z\" class=\"\"><\/path><\/svg><\/i> <img src=\"https:\/\/trc.pt\/2020\/wp-content\/plugins\/page-views-count\/ajax-loader.gif\" border=0 \/><\/p>\n<div class=\"pvc_clear\"><\/div>\n<p style=\"text-align: justify\"><strong>HONOR\u00c1RIOS. LAUDO. ADVOGADO. ORDEM DOS ADVOGADOS&nbsp;<\/strong><\/p>\n<p style=\"text-align: justify\"><strong> AGRAVO N&ordm;<\/strong> 897\/07.3TBCTB-A.C2 <br \/> <strong>Relator:<\/strong> TELES PEREIRA&nbsp;<br \/> <strong> Data do Acord\u00e3o:<\/strong> 07-02-2012 <br \/> <strong>Tribunal: <\/strong>TRIBUNAL JUDICIAL DE CASTELO BRANCO &ndash; 2&ordm; JU\u00cdZO&nbsp;<br \/> <strong>Legisla\u00e7\u00e3o:<\/strong> ART&ordm; 100&ordm;, N&ordm; 1 DO ESTATUTO DA ORDEM DOS ADVOGADOS. <br \/> <strong>Sum\u00e1rio: <\/strong><\/p>\n<ol>\n<li style=\"text-align: justify\">O artigo 100&ordm;, n&ordm; 1 do Estatuto da Ordem dos Advogados sujeita os honor\u00e1rios de um Advogado ao princ\u00edpio geral da adequa\u00e7\u00e3o aos servi\u00e7os prestados, independentemente do modo de ajustamento desses honor\u00e1rios entre o Advogado e o cliente: conven\u00e7\u00e3o pr\u00e9via ou conta de honor\u00e1rios a posteriori.<\/li>\n<li style=\"text-align: justify\">O laudo de honor\u00e1rios, emitido pela Ordem dos Advogados, nos termos do respectivo Estatuto e Regulamento dos Laudos configura o parecer t\u00e9cnico (o ju\u00edzo pericial) respeitante \u00e0 adequa\u00e7\u00e3o dos honor\u00e1rios fixados aos servi\u00e7os efectivamente prestados, ao qual os Tribunais devem recorrer nos casos em que seja relevante a determina\u00e7\u00e3o dessa adequa\u00e7\u00e3o.<\/li>\n<li style=\"text-align: justify\">A articula\u00e7\u00e3o interpretativa do artigo 100&ordm;, n&ordm;s 1 e 2 do Estatuto da Ordem dos Advogados, concatenada com o Regulamento dos Laudos da Ordem dos Advogados, n\u00e3o exclui que um juiz possa solicitar a emiss\u00e3o de um laudo de honor\u00e1rios pela Ordem, mesmo estando em causa uma &ldquo;conven\u00e7\u00e3o pr\u00e9via&rdquo; de honor\u00e1rios, referindo-se esse laudo \u00e0 adequa\u00e7\u00e3o pelos servi\u00e7os efectivamente prestados, cobertos por essa conven\u00e7\u00e3o.\n<p>     <a target=\"_blank\" href=\"http:\/\/www.dgsi.pt\/jtrc.nsf\/8fe0e606d8f56b22802576c0005637dc\/0e8389f4b4d54040802579ac003a353c?OpenDocument\" rel=\"noopener noreferrer\">Consultar texto integral<\/a><\/li>\n<p style=\"text-align: justify\">&nbsp;<\/p>\n<\/ol>\n","protected":false},"excerpt":{"rendered":"<div class=\"pvc_clear\"><\/div>\n<p id=\"pvc_stats_25713\" class=\"pvc_stats all  \" data-element-id=\"25713\" style=\"\"><i class=\"pvc-stats-icon small\" aria-hidden=\"true\"><svg aria-hidden=\"true\" focusable=\"false\" data-prefix=\"far\" data-icon=\"chart-bar\" role=\"img\" xmlns=\"http:\/\/www.w3.org\/2000\/svg\" viewBox=\"0 0 512 512\" class=\"svg-inline--fa fa-chart-bar fa-w-16 fa-2x\"><path fill=\"currentColor\" d=\"M396.8 352h22.4c6.4 0 12.8-6.4 12.8-12.8V108.8c0-6.4-6.4-12.8-12.8-12.8h-22.4c-6.4 0-12.8 6.4-12.8 12.8v230.4c0 6.4 6.4 12.8 12.8 12.8zm-192 0h22.4c6.4 0 12.8-6.4 12.8-12.8V140.8c0-6.4-6.4-12.8-12.8-12.8h-22.4c-6.4 0-12.8 6.4-12.8 12.8v198.4c0 6.4 6.4 12.8 12.8 12.8zm96 0h22.4c6.4 0 12.8-6.4 12.8-12.8V204.8c0-6.4-6.4-12.8-12.8-12.8h-22.4c-6.4 0-12.8 6.4-12.8 12.8v134.4c0 6.4 6.4 12.8 12.8 12.8zM496 400H48V80c0-8.84-7.16-16-16-16H16C7.16 64 0 71.16 0 80v336c0 17.67 14.33 32 32 32h464c8.84 0 16-7.16 16-16v-16c0-8.84-7.16-16-16-16zm-387.2-48h22.4c6.4 0 12.8-6.4 12.8-12.8v-70.4c0-6.4-6.4-12.8-12.8-12.8h-22.4c-6.4 0-12.8 6.4-12.8 12.8v70.4c0 6.4 6.4 12.8 12.8 12.8z\" class=\"\"><\/path><\/svg><\/i> <img src=\"https:\/\/trc.pt\/2020\/wp-content\/plugins\/page-views-count\/ajax-loader.gif\" border=0 \/><\/p>\n<div class=\"pvc_clear\"><\/div>\n<p>HONOR\u00c1RIOS. LAUDO. ADVOGADO. ORDEM DOS ADVOGADOS&nbsp; AGRAVO N&ordm; 897\/07.3TBCTB-A.C2 Relator: TELES PEREIRA&nbsp; Data do Acord\u00e3o: 07-02-2012 Tribunal: TRIBUNAL JUDICIAL DE<\/p>\n","protected":false},"author":1,"featured_media":0,"comment_status":"open","ping_status":"open","sticky":false,"template":"","format":"standard","meta":[],"categories":[229],"tags":[],"_links":{"self":[{"href":"https:\/\/trc.pt\/2020\/wp-json\/wp\/v2\/posts\/25713"}],"collection":[{"href":"https:\/\/trc.pt\/2020\/wp-json\/wp\/v2\/posts"}],"about":[{"href":"https:\/\/trc.pt\/2020\/wp-json\/wp\/v2\/types\/post"}],"author":[{"embeddable":true,"href":"https:\/\/trc.pt\/2020\/wp-json\/wp\/v2\/users\/1"}],"replies":[{"embeddable":true,"href":"https:\/\/trc.pt\/2020\/wp-json\/wp\/v2\/comments?post=25713"}],"version-history":[{"count":0,"href":"https:\/\/trc.pt\/2020\/wp-json\/wp\/v2\/posts\/25713\/revisions"}],"wp:attachment":[{"href":"https:\/\/trc.pt\/2020\/wp-json\/wp\/v2\/media?parent=25713"}],"wp:term":[{"taxonomy":"category","embeddable":true,"href":"https:\/\/trc.pt\/2020\/wp-json\/wp\/v2\/categories?post=25713"},{"taxonomy":"post_tag","embeddable":true,"href":"https:\/\/trc.pt\/2020\/wp-json\/wp\/v2\/tags?post=25713"}],"curies":[{"name":"wp","href":"https:\/\/api.w.org\/{rel}","templated":true}]}}