{"id":25186,"date":"2012-03-15T10:58:46","date_gmt":"2012-03-15T10:58:46","guid":{"rendered":"https:\/\/trc.pt\/\/2012\/03\/15\/ap97105t2svvc1\/"},"modified":"2012-03-15T10:58:46","modified_gmt":"2012-03-15T10:58:46","slug":"ap97105t2svvc1","status":"publish","type":"post","link":"https:\/\/trc.pt\/2020\/ap97105t2svvc1\/","title":{"rendered":"Contrato de ades\u00e3o. Cl\u00e1usulas contratuais gerais. Dever de informar"},"content":{"rendered":"<div class=\"pvc_clear\"><\/div>\n<p id=\"pvc_stats_25186\" class=\"pvc_stats all  \" data-element-id=\"25186\" style=\"\"><i class=\"pvc-stats-icon small\" aria-hidden=\"true\"><svg aria-hidden=\"true\" focusable=\"false\" data-prefix=\"far\" data-icon=\"chart-bar\" role=\"img\" xmlns=\"http:\/\/www.w3.org\/2000\/svg\" viewBox=\"0 0 512 512\" class=\"svg-inline--fa fa-chart-bar fa-w-16 fa-2x\"><path fill=\"currentColor\" d=\"M396.8 352h22.4c6.4 0 12.8-6.4 12.8-12.8V108.8c0-6.4-6.4-12.8-12.8-12.8h-22.4c-6.4 0-12.8 6.4-12.8 12.8v230.4c0 6.4 6.4 12.8 12.8 12.8zm-192 0h22.4c6.4 0 12.8-6.4 12.8-12.8V140.8c0-6.4-6.4-12.8-12.8-12.8h-22.4c-6.4 0-12.8 6.4-12.8 12.8v198.4c0 6.4 6.4 12.8 12.8 12.8zm96 0h22.4c6.4 0 12.8-6.4 12.8-12.8V204.8c0-6.4-6.4-12.8-12.8-12.8h-22.4c-6.4 0-12.8 6.4-12.8 12.8v134.4c0 6.4 6.4 12.8 12.8 12.8zM496 400H48V80c0-8.84-7.16-16-16-16H16C7.16 64 0 71.16 0 80v336c0 17.67 14.33 32 32 32h464c8.84 0 16-7.16 16-16v-16c0-8.84-7.16-16-16-16zm-387.2-48h22.4c6.4 0 12.8-6.4 12.8-12.8v-70.4c0-6.4-6.4-12.8-12.8-12.8h-22.4c-6.4 0-12.8 6.4-12.8 12.8v70.4c0 6.4 6.4 12.8 12.8 12.8z\" class=\"\"><\/path><\/svg><\/i> <img src=\"https:\/\/trc.pt\/2020\/wp-content\/plugins\/page-views-count\/ajax-loader.gif\" border=0 \/><\/p>\n<div class=\"pvc_clear\"><\/div>\n<p style=\"text-align: justify\"><strong>CONTRATO DE ADES\u00c3O. CL\u00c1USULAS CONTRATUAIS GERAIS. DEVER DE INFORMAR&nbsp;<br \/> APELA\u00c7\u00c3O&nbsp;N&ordm;<\/strong>&nbsp;97\/10.5T2SVV.C1 <br \/> <strong>Relator: <\/strong>REGINA ROSA <br \/> <strong>Data do Acord\u00e3o:<\/strong> 06-03-2012 <br \/> <strong>Tribunal: <\/strong>COMARCA DO BAIXO VOUGA &ndash; JU\u00cdZO DE M\u00c9DIA E PEQ. INST. C\u00cdVEL DE SEVER DO VOUGA&nbsp;<br \/> <strong>Legisla\u00e7\u00e3o: <\/strong>DEC. LEI N&ordm; 446\/85, DE 25\/10 <br \/> <strong>Sum\u00e1rio: <\/strong><\/p>\n<ol>\n<li style=\"text-align: justify\">O contrato de ades\u00e3o \u00e9 &ldquo;aquele em que um dos contraentes, n\u00e3o tendo a menor participa\u00e7\u00e3o na prepara\u00e7\u00e3o das respectivas cl\u00e1usulas, se limita a aceitar o texto que o outro contraente oferece, em massa, ao p\u00fablico interessado&rdquo;.<\/li>\n<li style=\"text-align: justify\">Em situa\u00e7\u00f5es em que as cl\u00e1usulas aparecem de antem\u00e3o estabelecidas de modo geral e abstracto para uma s\u00e9rie de contratos, e que acabam por integrar-se no contrato singular sem que a contraparte do utilizador tenha qualquer possibilidade de influir nos respectivos termos, estamos perante as chamadas cl\u00e1usulas contratuais gerais sem pr\u00e9via negocia\u00e7\u00e3o individual e aceite pela contraparte do utilizador, que se regem pelo DL 446\/85, de 25.10 (art.1&ordm;\/1).<\/li>\n<li style=\"text-align: justify\">A real integra\u00e7\u00e3o dessas cl\u00e1usulas no contrato singular pressup\u00f5e que o proponente as comunique \u00e0 contraparte. Em decorr\u00eancia do estatu\u00eddo no art.5&ordm;\/1 e 2 desse diploma, torna-se necess\u00e1rio que o utilizador comunique na \u00edntegra \u00e0 contraparte de modo adequado para, em aten\u00e7\u00e3o \u00e0 import\u00e2ncia do contrato e \u00e0 extens\u00e3o e complexidade do clausulado, possibilitar o seu completo e efectivo conhecimento pelo cliente que use de comum dilig\u00eancia.<\/li>\n<li style=\"text-align: justify\">A lei n\u00e3o se basta com a exig\u00eancia de transmiss\u00e3o ao aderente das condi\u00e7\u00f5es gerais. Tendo em conta a import\u00e2ncia do contrato e a complexidade das cl\u00e1usulas, imp\u00f5e que a sua transmiss\u00e3o seja concretizada de tal modo e com tal anteced\u00eancia que se abra caminho a uma exig\u00edvel tomada de conhecimento por parte do parceiro contratual. Logo, n\u00e3o basta a mera &ldquo;comunica\u00e7\u00e3o&rdquo; para que as condi\u00e7\u00f5es gerais se considerem inclu\u00eddas no contrato singular. \u00c9 ainda necess\u00e1rio que ela seja feita de tal modo que proporcione \u00e0 contraparte a possibilidade de um conhecimento completo e efectivo do clausulado.<\/li>\n<li style=\"text-align: justify\">Por\u00e9m, tendo o autor remetido o contrato e restante documenta\u00e7\u00e3o \u00e0 firma vendedora &laquo;P&hellip;&raquo; respeitando o que fora acordado entre esta e o r\u00e9u, para que tudo fosse assinado pelo R., e uma vez que os documentos vinham totalmente impressos e preenchidos, e assinados pelo representante da A., o que quer dizer que vinham dotados de todo o seu clausulado, e n\u00e3o se tendo falado em prazo para a conclus\u00e3o do neg\u00f3cio, o R. teve tempo para ler e analisar atentamente o conte\u00fado do contrato, e se tivesse d\u00favidas, pedir os pertinentes esclarecimentos. Este seria comportamento de um contraente diligente &ndash; ler as condi\u00e7\u00f5es contratuais, tirar d\u00favidas, e s\u00f3 depois de esclarecido vincular-se ao texto do contrato.<\/li>\n<li style=\"text-align: justify\">Para se considerar que foi violado o dever de informa\u00e7\u00e3o seria necess\u00e1rio demonstrar que os RR tivessem solicitado a presta\u00e7\u00e3o de esclarecimentos \u00e0 autora, o que n\u00e3o se verificou, nem t\u00e3o pouco foi alegado, sendo que neste caso o \u00f3nus da prova reca\u00eda sobre os RR. aderentes.\n<p>     <a target=\"_blank\" href=\"http:\/\/www.dgsi.pt\/jtrc.nsf\/8fe0e606d8f56b22802576c0005637dc\/c2e0ac9a7d2ed702802579c200398c1e?OpenDocument\" rel=\"noopener noreferrer\">Consultar texto integral<\/a><\/li>\n<p style=\"text-align: justify\">&nbsp;<\/p>\n<\/ol>\n","protected":false},"excerpt":{"rendered":"<div class=\"pvc_clear\"><\/div>\n<p id=\"pvc_stats_25186\" class=\"pvc_stats all  \" data-element-id=\"25186\" style=\"\"><i class=\"pvc-stats-icon small\" aria-hidden=\"true\"><svg aria-hidden=\"true\" focusable=\"false\" data-prefix=\"far\" data-icon=\"chart-bar\" role=\"img\" xmlns=\"http:\/\/www.w3.org\/2000\/svg\" viewBox=\"0 0 512 512\" class=\"svg-inline--fa fa-chart-bar fa-w-16 fa-2x\"><path fill=\"currentColor\" d=\"M396.8 352h22.4c6.4 0 12.8-6.4 12.8-12.8V108.8c0-6.4-6.4-12.8-12.8-12.8h-22.4c-6.4 0-12.8 6.4-12.8 12.8v230.4c0 6.4 6.4 12.8 12.8 12.8zm-192 0h22.4c6.4 0 12.8-6.4 12.8-12.8V140.8c0-6.4-6.4-12.8-12.8-12.8h-22.4c-6.4 0-12.8 6.4-12.8 12.8v198.4c0 6.4 6.4 12.8 12.8 12.8zm96 0h22.4c6.4 0 12.8-6.4 12.8-12.8V204.8c0-6.4-6.4-12.8-12.8-12.8h-22.4c-6.4 0-12.8 6.4-12.8 12.8v134.4c0 6.4 6.4 12.8 12.8 12.8zM496 400H48V80c0-8.84-7.16-16-16-16H16C7.16 64 0 71.16 0 80v336c0 17.67 14.33 32 32 32h464c8.84 0 16-7.16 16-16v-16c0-8.84-7.16-16-16-16zm-387.2-48h22.4c6.4 0 12.8-6.4 12.8-12.8v-70.4c0-6.4-6.4-12.8-12.8-12.8h-22.4c-6.4 0-12.8 6.4-12.8 12.8v70.4c0 6.4 6.4 12.8 12.8 12.8z\" class=\"\"><\/path><\/svg><\/i> <img src=\"https:\/\/trc.pt\/2020\/wp-content\/plugins\/page-views-count\/ajax-loader.gif\" border=0 \/><\/p>\n<div class=\"pvc_clear\"><\/div>\n<p>CONTRATO DE ADES\u00c3O. CL\u00c1USULAS CONTRATUAIS GERAIS. DEVER DE INFORMAR&nbsp; APELA\u00c7\u00c3O&nbsp;N&ordm;&nbsp;97\/10.5T2SVV.C1 Relator: REGINA ROSA Data do Acord\u00e3o: 06-03-2012 Tribunal: COMARCA DO<\/p>\n","protected":false},"author":1,"featured_media":0,"comment_status":"open","ping_status":"open","sticky":false,"template":"","format":"standard","meta":[],"categories":[229],"tags":[],"_links":{"self":[{"href":"https:\/\/trc.pt\/2020\/wp-json\/wp\/v2\/posts\/25186"}],"collection":[{"href":"https:\/\/trc.pt\/2020\/wp-json\/wp\/v2\/posts"}],"about":[{"href":"https:\/\/trc.pt\/2020\/wp-json\/wp\/v2\/types\/post"}],"author":[{"embeddable":true,"href":"https:\/\/trc.pt\/2020\/wp-json\/wp\/v2\/users\/1"}],"replies":[{"embeddable":true,"href":"https:\/\/trc.pt\/2020\/wp-json\/wp\/v2\/comments?post=25186"}],"version-history":[{"count":0,"href":"https:\/\/trc.pt\/2020\/wp-json\/wp\/v2\/posts\/25186\/revisions"}],"wp:attachment":[{"href":"https:\/\/trc.pt\/2020\/wp-json\/wp\/v2\/media?parent=25186"}],"wp:term":[{"taxonomy":"category","embeddable":true,"href":"https:\/\/trc.pt\/2020\/wp-json\/wp\/v2\/categories?post=25186"},{"taxonomy":"post_tag","embeddable":true,"href":"https:\/\/trc.pt\/2020\/wp-json\/wp\/v2\/tags?post=25186"}],"curies":[{"name":"wp","href":"https:\/\/api.w.org\/{rel}","templated":true}]}}