{"id":25170,"date":"2006-03-08T13:53:48","date_gmt":"2006-03-08T13:53:48","guid":{"rendered":"https:\/\/trc.pt\/\/2006\/03\/08\/ap413105\/"},"modified":"2006-03-08T13:53:48","modified_gmt":"2006-03-08T13:53:48","slug":"ap413105","status":"publish","type":"post","link":"https:\/\/trc.pt\/2020\/ap413105\/","title":{"rendered":"Constitui\u00e7\u00e3o de firma comercial. Princ\u00edpio da verdade"},"content":{"rendered":"<div class=\"pvc_clear\"><\/div>\n<p id=\"pvc_stats_25170\" class=\"pvc_stats all  \" data-element-id=\"25170\" style=\"\"><i class=\"pvc-stats-icon small\" aria-hidden=\"true\"><svg aria-hidden=\"true\" focusable=\"false\" data-prefix=\"far\" data-icon=\"chart-bar\" role=\"img\" xmlns=\"http:\/\/www.w3.org\/2000\/svg\" viewBox=\"0 0 512 512\" class=\"svg-inline--fa fa-chart-bar fa-w-16 fa-2x\"><path fill=\"currentColor\" d=\"M396.8 352h22.4c6.4 0 12.8-6.4 12.8-12.8V108.8c0-6.4-6.4-12.8-12.8-12.8h-22.4c-6.4 0-12.8 6.4-12.8 12.8v230.4c0 6.4 6.4 12.8 12.8 12.8zm-192 0h22.4c6.4 0 12.8-6.4 12.8-12.8V140.8c0-6.4-6.4-12.8-12.8-12.8h-22.4c-6.4 0-12.8 6.4-12.8 12.8v198.4c0 6.4 6.4 12.8 12.8 12.8zm96 0h22.4c6.4 0 12.8-6.4 12.8-12.8V204.8c0-6.4-6.4-12.8-12.8-12.8h-22.4c-6.4 0-12.8 6.4-12.8 12.8v134.4c0 6.4 6.4 12.8 12.8 12.8zM496 400H48V80c0-8.84-7.16-16-16-16H16C7.16 64 0 71.16 0 80v336c0 17.67 14.33 32 32 32h464c8.84 0 16-7.16 16-16v-16c0-8.84-7.16-16-16-16zm-387.2-48h22.4c6.4 0 12.8-6.4 12.8-12.8v-70.4c0-6.4-6.4-12.8-12.8-12.8h-22.4c-6.4 0-12.8 6.4-12.8 12.8v70.4c0 6.4 6.4 12.8 12.8 12.8z\" class=\"\"><\/path><\/svg><\/i> <img src=\"https:\/\/trc.pt\/2020\/wp-content\/plugins\/page-views-count\/ajax-loader.gif\" border=0 \/><\/p>\n<div class=\"pvc_clear\"><\/div>\n<p style=\"text-align: justify\"><strong>CONSTITUI\u00c7\u00c3O DE FIRMA COMERCIAL. PRINC\u00cdPIO DA VERDADE<br \/> APELA\u00c7\u00c3O&nbsp;N&ordm;&nbsp;<\/strong>4131\/05 <br \/> <strong>Relator: <\/strong>JORGE ARCANJO <br \/> <strong>Data do Acord\u00e3o:<\/strong> 08-03-2006 <br \/> <strong>Tribunal Recurso: <\/strong>TRIBUNAL JUDICIAL DE LEIRIA &#8211; 5&ordm; JU\u00cdZO&nbsp;<br \/> <strong>Legisla\u00e7\u00e3o Nacional:<\/strong> ART&ordm;S.10&ordm;, N&ordm; 3; 32&ordm;, N&ordm;S 1 E 2, AL. A), DO D.L. 129\/98, DE 13\/5 . <br \/> <strong>Sum\u00e1rio: <\/strong><\/p>\n<ol>\n<li style=\"text-align: justify\">A firma constitui, a par do nome e ins\u00edgnia do estabelecimento e da marca, um dos sinais distintivos do cam\u00e9rcio .<\/li>\n<li style=\"text-align: justify\">Enquanto sinal distintivo e nominativo de uso obrigat\u00f3rio, identifica o comerciante (em nome individual ou as sociedades) na sua individualidade econ\u00f3mica, podendo ser formada por um ou v\u00e1rios nomes completos ou abreviados (firma-nome), por uma express\u00e3o alusiva ao com\u00e9rcio exercido na empresa (firma-denomina\u00e7\u00e3o) ou cumulativamente por ambos (firma-mista) .<\/li>\n<li style=\"text-align: justify\">Com a altera\u00e7\u00e3o do art&ordm; 10&ordm; do C.S.C., introduzida pelo DL n&ordm; 257\/96, de 31\/12, deixou de ser imperativo o uso dos dizeres em portugu\u00eas, pelo que a firma das sociedades comerciais pode ser redigida em l\u00edngua estrangeira, mesmo na parte em que se d\u00ea a conhecer o objecto da sociedade .<\/li>\n<li style=\"text-align: justify\">A denomina\u00e7\u00e3o particular integrante de uma firma deve dar a conhecer quanto poss\u00edvel o objecto da sociedade .<\/li>\n<li style=\"text-align: justify\">Por for\u00e7a do princ\u00edpio da verdade da constitui\u00e7\u00e3o das firmas, estas e suas denomina\u00e7\u00f5es n\u00e3o podem conter palavras, express\u00f5es ou abreviaturas que induzam em erro quanto \u00e0 caracteriza\u00e7\u00e3o dos respectivos titulares e n\u00e3o podem incluir elementos que sugiram actividades diversas daquelas que os respectivos titulares exercem ou pretendem exercer .<\/li>\n<li style=\"text-align: justify\">As denomina\u00e7\u00f5es &ldquo;B&#8230; &ldquo; e &ldquo;C&#8230; &ldquo; n\u00e3o respeitam o princ\u00edpio da verdade da firma, por n\u00e3o assumirem suficiente e indispens\u00e1vel capacidade distintiva, dado o espectro gen\u00e9rico da sua designa\u00e7\u00e3o, sendo suscept\u00edveis de induzir em erro sobre a identifica\u00e7\u00e3o e natureza da actividade de que a sociedade se prop\u00f5e desenvolver .\n<p>     <a target=\"_blank\" href=\"http:\/\/www.dgsi.pt\/jtrc.nsf\/c3fb530030ea1c61802568d9005cd5bb\/375e9d2c819b464580257140004d782f?OpenDocument\" rel=\"noopener noreferrer\">Consultar texto integral<\/a><\/li>\n<p style=\"text-align: justify\">&nbsp;<\/p>\n<\/ol>\n","protected":false},"excerpt":{"rendered":"<div class=\"pvc_clear\"><\/div>\n<p id=\"pvc_stats_25170\" class=\"pvc_stats all  \" data-element-id=\"25170\" style=\"\"><i class=\"pvc-stats-icon small\" aria-hidden=\"true\"><svg aria-hidden=\"true\" focusable=\"false\" data-prefix=\"far\" data-icon=\"chart-bar\" role=\"img\" xmlns=\"http:\/\/www.w3.org\/2000\/svg\" viewBox=\"0 0 512 512\" class=\"svg-inline--fa fa-chart-bar fa-w-16 fa-2x\"><path fill=\"currentColor\" d=\"M396.8 352h22.4c6.4 0 12.8-6.4 12.8-12.8V108.8c0-6.4-6.4-12.8-12.8-12.8h-22.4c-6.4 0-12.8 6.4-12.8 12.8v230.4c0 6.4 6.4 12.8 12.8 12.8zm-192 0h22.4c6.4 0 12.8-6.4 12.8-12.8V140.8c0-6.4-6.4-12.8-12.8-12.8h-22.4c-6.4 0-12.8 6.4-12.8 12.8v198.4c0 6.4 6.4 12.8 12.8 12.8zm96 0h22.4c6.4 0 12.8-6.4 12.8-12.8V204.8c0-6.4-6.4-12.8-12.8-12.8h-22.4c-6.4 0-12.8 6.4-12.8 12.8v134.4c0 6.4 6.4 12.8 12.8 12.8zM496 400H48V80c0-8.84-7.16-16-16-16H16C7.16 64 0 71.16 0 80v336c0 17.67 14.33 32 32 32h464c8.84 0 16-7.16 16-16v-16c0-8.84-7.16-16-16-16zm-387.2-48h22.4c6.4 0 12.8-6.4 12.8-12.8v-70.4c0-6.4-6.4-12.8-12.8-12.8h-22.4c-6.4 0-12.8 6.4-12.8 12.8v70.4c0 6.4 6.4 12.8 12.8 12.8z\" class=\"\"><\/path><\/svg><\/i> <img src=\"https:\/\/trc.pt\/2020\/wp-content\/plugins\/page-views-count\/ajax-loader.gif\" border=0 \/><\/p>\n<div class=\"pvc_clear\"><\/div>\n<p>CONSTITUI\u00c7\u00c3O DE FIRMA COMERCIAL. PRINC\u00cdPIO DA VERDADE APELA\u00c7\u00c3O&nbsp;N&ordm;&nbsp;4131\/05 Relator: JORGE ARCANJO Data do Acord\u00e3o: 08-03-2006 Tribunal Recurso: TRIBUNAL JUDICIAL DE<\/p>\n","protected":false},"author":1,"featured_media":0,"comment_status":"open","ping_status":"open","sticky":false,"template":"","format":"standard","meta":[],"categories":[229],"tags":[],"_links":{"self":[{"href":"https:\/\/trc.pt\/2020\/wp-json\/wp\/v2\/posts\/25170"}],"collection":[{"href":"https:\/\/trc.pt\/2020\/wp-json\/wp\/v2\/posts"}],"about":[{"href":"https:\/\/trc.pt\/2020\/wp-json\/wp\/v2\/types\/post"}],"author":[{"embeddable":true,"href":"https:\/\/trc.pt\/2020\/wp-json\/wp\/v2\/users\/1"}],"replies":[{"embeddable":true,"href":"https:\/\/trc.pt\/2020\/wp-json\/wp\/v2\/comments?post=25170"}],"version-history":[{"count":0,"href":"https:\/\/trc.pt\/2020\/wp-json\/wp\/v2\/posts\/25170\/revisions"}],"wp:attachment":[{"href":"https:\/\/trc.pt\/2020\/wp-json\/wp\/v2\/media?parent=25170"}],"wp:term":[{"taxonomy":"category","embeddable":true,"href":"https:\/\/trc.pt\/2020\/wp-json\/wp\/v2\/categories?post=25170"},{"taxonomy":"post_tag","embeddable":true,"href":"https:\/\/trc.pt\/2020\/wp-json\/wp\/v2\/tags?post=25170"}],"curies":[{"name":"wp","href":"https:\/\/api.w.org\/{rel}","templated":true}]}}