{"id":25107,"date":"2009-12-03T00:00:00","date_gmt":"2009-12-03T00:00:00","guid":{"rendered":"https:\/\/trc.pt\/\/2009\/12\/03\/ap436076tbtmrc1\/"},"modified":"2009-12-03T00:00:00","modified_gmt":"2009-12-03T00:00:00","slug":"ap436076tbtmrc1","status":"publish","type":"post","link":"https:\/\/trc.pt\/2020\/ap436076tbtmrc1\/","title":{"rendered":"Compensa\u00e7\u00e3o de d\u00edvida. Requisitos. Processo"},"content":{"rendered":"<div class=\"pvc_clear\"><\/div>\n<p id=\"pvc_stats_25107\" class=\"pvc_stats all  \" data-element-id=\"25107\" style=\"\"><i class=\"pvc-stats-icon small\" aria-hidden=\"true\"><svg aria-hidden=\"true\" focusable=\"false\" data-prefix=\"far\" data-icon=\"chart-bar\" role=\"img\" xmlns=\"http:\/\/www.w3.org\/2000\/svg\" viewBox=\"0 0 512 512\" class=\"svg-inline--fa fa-chart-bar fa-w-16 fa-2x\"><path fill=\"currentColor\" d=\"M396.8 352h22.4c6.4 0 12.8-6.4 12.8-12.8V108.8c0-6.4-6.4-12.8-12.8-12.8h-22.4c-6.4 0-12.8 6.4-12.8 12.8v230.4c0 6.4 6.4 12.8 12.8 12.8zm-192 0h22.4c6.4 0 12.8-6.4 12.8-12.8V140.8c0-6.4-6.4-12.8-12.8-12.8h-22.4c-6.4 0-12.8 6.4-12.8 12.8v198.4c0 6.4 6.4 12.8 12.8 12.8zm96 0h22.4c6.4 0 12.8-6.4 12.8-12.8V204.8c0-6.4-6.4-12.8-12.8-12.8h-22.4c-6.4 0-12.8 6.4-12.8 12.8v134.4c0 6.4 6.4 12.8 12.8 12.8zM496 400H48V80c0-8.84-7.16-16-16-16H16C7.16 64 0 71.16 0 80v336c0 17.67 14.33 32 32 32h464c8.84 0 16-7.16 16-16v-16c0-8.84-7.16-16-16-16zm-387.2-48h22.4c6.4 0 12.8-6.4 12.8-12.8v-70.4c0-6.4-6.4-12.8-12.8-12.8h-22.4c-6.4 0-12.8 6.4-12.8 12.8v70.4c0 6.4 6.4 12.8 12.8 12.8z\" class=\"\"><\/path><\/svg><\/i> <img src=\"https:\/\/trc.pt\/2020\/wp-content\/plugins\/page-views-count\/ajax-loader.gif\" border=0 \/><\/p>\n<div class=\"pvc_clear\"><\/div>\n<p align=\"justify\"><strong>COMPENSA\u00c7\u00c3O DE D\u00cdVIDA. REQUISITOS. PROCESSO<br \/> APELA\u00c7\u00c3O N&ordm;<\/strong> 436\/07.6TBTMR.C1 <br \/> <strong>Relator:<\/strong> DR. FALC\u00c3O DE MAGALH\u00c3ES<br \/> <strong>Data do Acord\u00e3o:<\/strong> 03-12-2009 <br \/> <strong>Tribunal:<\/strong> TOMAR &ndash; 2&ordm; JU\u00cdZO&nbsp;<br \/> <strong>Legisla\u00e7\u00e3o:<\/strong> ART&ordm;S 847&ordm;, N&ordm; 1, C. CIV. <br \/> <strong>Sum\u00e1rio:<\/strong><\/p>\n<ol>\n<li>\n<div align=\"justify\">De harmonia com o disposto no n&ordm; 1 do art&ordm; 847&ordm;, do C. Civ. e observados os requisitos estabelecidos nas diversas al\u00edneas desse n\u00famero, quando duas pessoas sejam reciprocamente credor e devedor, qualquer delas pode livrar-se da sua obriga\u00e7\u00e3o por meio de compensa\u00e7\u00e3o com a obriga\u00e7\u00e3o do seu credor.<\/div>\n<\/li>\n<li>\n<div align=\"justify\">De entre os requisitos que enumera, imp\u00f5e o referido normativo que o cr\u00e9dito do compensante seja exig\u00edvel judicialmente e que contra ele n\u00e3o proceda qualquer excep\u00e7\u00e3o de direito material.<\/div>\n<\/li>\n<li>\n<div align=\"justify\">O requisito de compensa\u00e7\u00e3o que se traduz na necessidade de o cr\u00e9dito ser exig\u00edvel judicialmente, significa t\u00e3o s\u00f3 que o mesmo deve ser suscept\u00edvel de ser reconhecido em ac\u00e7\u00e3o de cumprimento, assim se concordando plenamente com o entendimento plasmado no Ac. da Rel. Porto de 9\/05\/2007 (in Col. Jur., Ano 2007, tomo III, pg. 172).<\/div>\n<\/li>\n<li>\n<div align=\"justify\">Ou seja, o cr\u00e9dito invocado para operar a compensa\u00e7\u00e3o (cr\u00e9dito activo) n\u00e3o tem de se mostrar aceite pela parte contra o qual se pretende fazer valer &ndash; e tamb\u00e9m n\u00e3o tem de ser um cr\u00e9dito que previamente haja sido judicialmente reconhecido.<\/div>\n<\/li>\n<li>\n<div align=\"justify\">Invocada por via de excep\u00e7\u00e3o, na contesta\u00e7\u00e3o, a compensa\u00e7\u00e3o fundada em cr\u00e9dito activo suscept\u00edvel de ser reconhecido em ac\u00e7\u00e3o de cumprimento, na hip\u00f3tese de este n\u00e3o se poder ter por indiscutido tal compensa\u00e7\u00e3o s\u00f3 se poder\u00e1 considerar eficaz caso na senten\u00e7a a proferir esse mesmo cr\u00e9dito activo venha a ser reconhecido.<\/div>\n<\/li>\n<li>\n<div align=\"justify\">Por\u00e9m, se o credor j\u00e1 exigiu o seu cr\u00e9dito em ac\u00e7\u00e3o que para tal intentou contra o devedor, contestada por este e estando pendente, n\u00e3o pode aquele exigir, de novo, tal cr\u00e9dito litigioso, ou parte dele, sob a capa da compensa\u00e7\u00e3o, em ac\u00e7\u00e3o em que, posteriormente, seja demandado por esse devedor.<\/div>\n<\/li>\n<\/ol>\n<p align=\"justify\"><a target=\"\u02cdblank\" href=\"http:\/\/www.dgsi.pt\/jtrc.nsf\/c3fb530030ea1c61802568d9005cd5bb\/6763626391ceced7802576a10050d927?OpenDocument\" rel=\"noopener noreferrer\">Consultar texto integral<\/a><\/p>\n","protected":false},"excerpt":{"rendered":"<div class=\"pvc_clear\"><\/div>\n<p id=\"pvc_stats_25107\" class=\"pvc_stats all  \" data-element-id=\"25107\" style=\"\"><i class=\"pvc-stats-icon small\" aria-hidden=\"true\"><svg aria-hidden=\"true\" focusable=\"false\" data-prefix=\"far\" data-icon=\"chart-bar\" role=\"img\" xmlns=\"http:\/\/www.w3.org\/2000\/svg\" viewBox=\"0 0 512 512\" class=\"svg-inline--fa fa-chart-bar fa-w-16 fa-2x\"><path fill=\"currentColor\" d=\"M396.8 352h22.4c6.4 0 12.8-6.4 12.8-12.8V108.8c0-6.4-6.4-12.8-12.8-12.8h-22.4c-6.4 0-12.8 6.4-12.8 12.8v230.4c0 6.4 6.4 12.8 12.8 12.8zm-192 0h22.4c6.4 0 12.8-6.4 12.8-12.8V140.8c0-6.4-6.4-12.8-12.8-12.8h-22.4c-6.4 0-12.8 6.4-12.8 12.8v198.4c0 6.4 6.4 12.8 12.8 12.8zm96 0h22.4c6.4 0 12.8-6.4 12.8-12.8V204.8c0-6.4-6.4-12.8-12.8-12.8h-22.4c-6.4 0-12.8 6.4-12.8 12.8v134.4c0 6.4 6.4 12.8 12.8 12.8zM496 400H48V80c0-8.84-7.16-16-16-16H16C7.16 64 0 71.16 0 80v336c0 17.67 14.33 32 32 32h464c8.84 0 16-7.16 16-16v-16c0-8.84-7.16-16-16-16zm-387.2-48h22.4c6.4 0 12.8-6.4 12.8-12.8v-70.4c0-6.4-6.4-12.8-12.8-12.8h-22.4c-6.4 0-12.8 6.4-12.8 12.8v70.4c0 6.4 6.4 12.8 12.8 12.8z\" class=\"\"><\/path><\/svg><\/i> <img src=\"https:\/\/trc.pt\/2020\/wp-content\/plugins\/page-views-count\/ajax-loader.gif\" border=0 \/><\/p>\n<div class=\"pvc_clear\"><\/div>\n<p>COMPENSA\u00c7\u00c3O DE D\u00cdVIDA. REQUISITOS. PROCESSO APELA\u00c7\u00c3O N&ordm; 436\/07.6TBTMR.C1 Relator: DR. FALC\u00c3O DE MAGALH\u00c3ES Data do Acord\u00e3o: 03-12-2009 Tribunal: TOMAR &ndash;<\/p>\n","protected":false},"author":1,"featured_media":0,"comment_status":"open","ping_status":"open","sticky":false,"template":"","format":"standard","meta":[],"categories":[229],"tags":[],"_links":{"self":[{"href":"https:\/\/trc.pt\/2020\/wp-json\/wp\/v2\/posts\/25107"}],"collection":[{"href":"https:\/\/trc.pt\/2020\/wp-json\/wp\/v2\/posts"}],"about":[{"href":"https:\/\/trc.pt\/2020\/wp-json\/wp\/v2\/types\/post"}],"author":[{"embeddable":true,"href":"https:\/\/trc.pt\/2020\/wp-json\/wp\/v2\/users\/1"}],"replies":[{"embeddable":true,"href":"https:\/\/trc.pt\/2020\/wp-json\/wp\/v2\/comments?post=25107"}],"version-history":[{"count":0,"href":"https:\/\/trc.pt\/2020\/wp-json\/wp\/v2\/posts\/25107\/revisions"}],"wp:attachment":[{"href":"https:\/\/trc.pt\/2020\/wp-json\/wp\/v2\/media?parent=25107"}],"wp:term":[{"taxonomy":"category","embeddable":true,"href":"https:\/\/trc.pt\/2020\/wp-json\/wp\/v2\/categories?post=25107"},{"taxonomy":"post_tag","embeddable":true,"href":"https:\/\/trc.pt\/2020\/wp-json\/wp\/v2\/tags?post=25107"}],"curies":[{"name":"wp","href":"https:\/\/api.w.org\/{rel}","templated":true}]}}