{"id":25069,"date":"2012-02-27T14:28:22","date_gmt":"2012-02-27T14:28:22","guid":{"rendered":"https:\/\/trc.pt\/\/2012\/02\/27\/ap4078100tblrac1\/"},"modified":"2012-02-27T14:28:22","modified_gmt":"2012-02-27T14:28:22","slug":"ap4078100tblrac1","status":"publish","type":"post","link":"https:\/\/trc.pt\/2020\/ap4078100tblrac1\/","title":{"rendered":"Cess\u00e3o de posi\u00e7\u00e3o contratual. Litig\u00e2ncia de m\u00e1 f\u00e9"},"content":{"rendered":"<div class=\"pvc_clear\"><\/div>\n<p id=\"pvc_stats_25069\" class=\"pvc_stats all  \" data-element-id=\"25069\" style=\"\"><i class=\"pvc-stats-icon small\" aria-hidden=\"true\"><svg aria-hidden=\"true\" focusable=\"false\" data-prefix=\"far\" data-icon=\"chart-bar\" role=\"img\" xmlns=\"http:\/\/www.w3.org\/2000\/svg\" viewBox=\"0 0 512 512\" class=\"svg-inline--fa fa-chart-bar fa-w-16 fa-2x\"><path fill=\"currentColor\" d=\"M396.8 352h22.4c6.4 0 12.8-6.4 12.8-12.8V108.8c0-6.4-6.4-12.8-12.8-12.8h-22.4c-6.4 0-12.8 6.4-12.8 12.8v230.4c0 6.4 6.4 12.8 12.8 12.8zm-192 0h22.4c6.4 0 12.8-6.4 12.8-12.8V140.8c0-6.4-6.4-12.8-12.8-12.8h-22.4c-6.4 0-12.8 6.4-12.8 12.8v198.4c0 6.4 6.4 12.8 12.8 12.8zm96 0h22.4c6.4 0 12.8-6.4 12.8-12.8V204.8c0-6.4-6.4-12.8-12.8-12.8h-22.4c-6.4 0-12.8 6.4-12.8 12.8v134.4c0 6.4 6.4 12.8 12.8 12.8zM496 400H48V80c0-8.84-7.16-16-16-16H16C7.16 64 0 71.16 0 80v336c0 17.67 14.33 32 32 32h464c8.84 0 16-7.16 16-16v-16c0-8.84-7.16-16-16-16zm-387.2-48h22.4c6.4 0 12.8-6.4 12.8-12.8v-70.4c0-6.4-6.4-12.8-12.8-12.8h-22.4c-6.4 0-12.8 6.4-12.8 12.8v70.4c0 6.4 6.4 12.8 12.8 12.8z\" class=\"\"><\/path><\/svg><\/i> <img src=\"https:\/\/trc.pt\/2020\/wp-content\/plugins\/page-views-count\/ajax-loader.gif\" border=0 \/><\/p>\n<div class=\"pvc_clear\"><\/div>\n<p style=\"text-align: justify\"><strong>CESS\u00c3O DE POSI\u00c7\u00c3O CONTRATUAL. LITIG\u00c2NCIA DE M\u00c1 F\u00c9&nbsp;&nbsp;<\/strong><\/p>\n<p style=\"text-align: justify\"><strong>APELA\u00c7\u00c3O N&ordm;<\/strong> 4078\/10.0TBLRA.C1 <br \/> <strong>Relator:<\/strong> FONTE RAMOS <br \/> <strong>Data do Acord\u00e3o:<\/strong> 31-01-2012 <br \/> <strong>Tribunal:<\/strong> LEIRIA 4&ordm; C&nbsp;<br \/> <strong>Legisla\u00e7\u00e3o: <\/strong>ARTS.398, 410, 424, 425, 473, 790 CC, 456, 457 CPC <br \/> <strong>Sum\u00e1rio: <\/strong><\/p>\n<ol>\n<li style=\"text-align: justify\">Com a cess\u00e3o da posi\u00e7\u00e3o contratual, o cedente perde os direitos de cr\u00e9dito correspondentes \u00e0 posi\u00e7\u00e3o contratual cedida, assim como se liberta das correspondentes obriga\u00e7\u00f5es e deveres acess\u00f3rios, tudo se transmitindo para o cession\u00e1rio, que passa a ser a contraparte do cedido.<\/li>\n<li style=\"text-align: justify\">Na falta de adequada ou inequ\u00edvoca estipula\u00e7\u00e3o, \u00e9 incompat\u00edvel com a fisionomia da cess\u00e3o a manuten\u00e7\u00e3o da liga\u00e7\u00e3o do cedente \u00e0 rela\u00e7\u00e3o contratual origin\u00e1ria.<\/li>\n<li style=\"text-align: justify\">O n.&ordm; 3 do art.&ordm; 456&ordm;, do CPC, deve ser interpretado no sentido de, nos casos de condena\u00e7\u00e3o em multa por litig\u00e2ncia de m\u00e1 f\u00e9, existir sempre um duplo grau de jurisdi\u00e7\u00e3o, mas a decis\u00e3o que n\u00e3o condena na indemniza\u00e7\u00e3o pedida, nos termos do art.&ordm; 456&ordm;, n.&ordm; 1 do CPC, \u00e9 sempre recorr\u00edvel nos termos gerais.\n<p>     <a target=\"_blank\" href=\"http:\/\/www.dgsi.pt\/jtrc.nsf\/8fe0e606d8f56b22802576c0005637dc\/388c98d16feab216802579b1003cb79c?OpenDocument\" rel=\"noopener noreferrer\">Consultar texto integral<\/a><\/li>\n<p style=\"text-align: justify\">&nbsp;<\/p>\n<\/ol>\n","protected":false},"excerpt":{"rendered":"<div class=\"pvc_clear\"><\/div>\n<p id=\"pvc_stats_25069\" class=\"pvc_stats all  \" data-element-id=\"25069\" style=\"\"><i class=\"pvc-stats-icon small\" aria-hidden=\"true\"><svg aria-hidden=\"true\" focusable=\"false\" data-prefix=\"far\" data-icon=\"chart-bar\" role=\"img\" xmlns=\"http:\/\/www.w3.org\/2000\/svg\" viewBox=\"0 0 512 512\" class=\"svg-inline--fa fa-chart-bar fa-w-16 fa-2x\"><path fill=\"currentColor\" d=\"M396.8 352h22.4c6.4 0 12.8-6.4 12.8-12.8V108.8c0-6.4-6.4-12.8-12.8-12.8h-22.4c-6.4 0-12.8 6.4-12.8 12.8v230.4c0 6.4 6.4 12.8 12.8 12.8zm-192 0h22.4c6.4 0 12.8-6.4 12.8-12.8V140.8c0-6.4-6.4-12.8-12.8-12.8h-22.4c-6.4 0-12.8 6.4-12.8 12.8v198.4c0 6.4 6.4 12.8 12.8 12.8zm96 0h22.4c6.4 0 12.8-6.4 12.8-12.8V204.8c0-6.4-6.4-12.8-12.8-12.8h-22.4c-6.4 0-12.8 6.4-12.8 12.8v134.4c0 6.4 6.4 12.8 12.8 12.8zM496 400H48V80c0-8.84-7.16-16-16-16H16C7.16 64 0 71.16 0 80v336c0 17.67 14.33 32 32 32h464c8.84 0 16-7.16 16-16v-16c0-8.84-7.16-16-16-16zm-387.2-48h22.4c6.4 0 12.8-6.4 12.8-12.8v-70.4c0-6.4-6.4-12.8-12.8-12.8h-22.4c-6.4 0-12.8 6.4-12.8 12.8v70.4c0 6.4 6.4 12.8 12.8 12.8z\" class=\"\"><\/path><\/svg><\/i> <img src=\"https:\/\/trc.pt\/2020\/wp-content\/plugins\/page-views-count\/ajax-loader.gif\" border=0 \/><\/p>\n<div class=\"pvc_clear\"><\/div>\n<p>CESS\u00c3O DE POSI\u00c7\u00c3O CONTRATUAL. LITIG\u00c2NCIA DE M\u00c1 F\u00c9&nbsp;&nbsp; APELA\u00c7\u00c3O N&ordm; 4078\/10.0TBLRA.C1 Relator: FONTE RAMOS Data do Acord\u00e3o: 31-01-2012 Tribunal: LEIRIA<\/p>\n","protected":false},"author":1,"featured_media":0,"comment_status":"open","ping_status":"open","sticky":false,"template":"","format":"standard","meta":[],"categories":[229],"tags":[],"_links":{"self":[{"href":"https:\/\/trc.pt\/2020\/wp-json\/wp\/v2\/posts\/25069"}],"collection":[{"href":"https:\/\/trc.pt\/2020\/wp-json\/wp\/v2\/posts"}],"about":[{"href":"https:\/\/trc.pt\/2020\/wp-json\/wp\/v2\/types\/post"}],"author":[{"embeddable":true,"href":"https:\/\/trc.pt\/2020\/wp-json\/wp\/v2\/users\/1"}],"replies":[{"embeddable":true,"href":"https:\/\/trc.pt\/2020\/wp-json\/wp\/v2\/comments?post=25069"}],"version-history":[{"count":0,"href":"https:\/\/trc.pt\/2020\/wp-json\/wp\/v2\/posts\/25069\/revisions"}],"wp:attachment":[{"href":"https:\/\/trc.pt\/2020\/wp-json\/wp\/v2\/media?parent=25069"}],"wp:term":[{"taxonomy":"category","embeddable":true,"href":"https:\/\/trc.pt\/2020\/wp-json\/wp\/v2\/categories?post=25069"},{"taxonomy":"post_tag","embeddable":true,"href":"https:\/\/trc.pt\/2020\/wp-json\/wp\/v2\/tags?post=25069"}],"curies":[{"name":"wp","href":"https:\/\/api.w.org\/{rel}","templated":true}]}}