{"id":24925,"date":"2005-05-31T00:00:00","date_gmt":"2005-05-31T00:00:00","guid":{"rendered":"https:\/\/trc.pt\/\/2005\/05\/31\/ap100905\/"},"modified":"2005-05-31T00:00:00","modified_gmt":"2005-05-31T00:00:00","slug":"ap100905","status":"publish","type":"post","link":"https:\/\/trc.pt\/2020\/ap100905\/","title":{"rendered":"Arrendamento urbano. Benfeitorias \u00fateis. Indemniza\u00e7\u00e3o"},"content":{"rendered":"<div class=\"pvc_clear\"><\/div>\n<p id=\"pvc_stats_24925\" class=\"pvc_stats all  \" data-element-id=\"24925\" style=\"\"><i class=\"pvc-stats-icon small\" aria-hidden=\"true\"><svg aria-hidden=\"true\" focusable=\"false\" data-prefix=\"far\" data-icon=\"chart-bar\" role=\"img\" xmlns=\"http:\/\/www.w3.org\/2000\/svg\" viewBox=\"0 0 512 512\" class=\"svg-inline--fa fa-chart-bar fa-w-16 fa-2x\"><path fill=\"currentColor\" d=\"M396.8 352h22.4c6.4 0 12.8-6.4 12.8-12.8V108.8c0-6.4-6.4-12.8-12.8-12.8h-22.4c-6.4 0-12.8 6.4-12.8 12.8v230.4c0 6.4 6.4 12.8 12.8 12.8zm-192 0h22.4c6.4 0 12.8-6.4 12.8-12.8V140.8c0-6.4-6.4-12.8-12.8-12.8h-22.4c-6.4 0-12.8 6.4-12.8 12.8v198.4c0 6.4 6.4 12.8 12.8 12.8zm96 0h22.4c6.4 0 12.8-6.4 12.8-12.8V204.8c0-6.4-6.4-12.8-12.8-12.8h-22.4c-6.4 0-12.8 6.4-12.8 12.8v134.4c0 6.4 6.4 12.8 12.8 12.8zM496 400H48V80c0-8.84-7.16-16-16-16H16C7.16 64 0 71.16 0 80v336c0 17.67 14.33 32 32 32h464c8.84 0 16-7.16 16-16v-16c0-8.84-7.16-16-16-16zm-387.2-48h22.4c6.4 0 12.8-6.4 12.8-12.8v-70.4c0-6.4-6.4-12.8-12.8-12.8h-22.4c-6.4 0-12.8 6.4-12.8 12.8v70.4c0 6.4 6.4 12.8 12.8 12.8z\" class=\"\"><\/path><\/svg><\/i> <img src=\"https:\/\/trc.pt\/2020\/wp-content\/plugins\/page-views-count\/ajax-loader.gif\" border=0 \/><\/p>\n<div class=\"pvc_clear\"><\/div>\n<p align=\"justify\"><strong>ARRENDAMENTO URBANO. BENFEITORIAS \u00daTEIS. INDEMNIZA\u00c7\u00c3O <br \/> APELA\u00c7\u00c3O N&ordm;<\/strong> 1009\/05 <br \/> <strong>Relator<\/strong>: DR. ISA\u00cdAS P\u00c1DUA <br \/> <strong>Data do Acord\u00e3o<\/strong>: 31-05-2005 <br \/> <strong>Tribunal:<\/strong>&nbsp; NELAS <br \/> <strong>Legisla\u00e7\u00e3o<\/strong>: ART&ordm;S 216&ordm;, N&ordm;S 1, 2 E 3, E 1273&ordm;, N&ordm;S 1 E 2, DO C.CIV.; 89&ordm;-A, N&ordm; 1, DO RAU <br \/> <strong>Sum\u00e1rio<\/strong>:<\/p>\n<ol>\n<li>\n<div align=\"justify\">Nos arrendamentos transmitidos por morte dos ascendentes para os descendentes, o novo arrendat\u00e1rio, no caso de o senhorio optar pela den\u00fancia do contrato, para al\u00e9m de receber deste uma indemniza\u00e7\u00e3o correspondente a 10 anos de rendas tem ainda o direito de indemniza\u00e7\u00e3o por benfeitorias e de reten\u00e7\u00e3o, nos termos gerais.<\/div>\n<\/li>\n<li>\n<div align=\"justify\">As benfeitorias s\u00e3o melhoramentos de uma coisa, ou seja, altera\u00e7\u00f5es introduzidas numa coisa feitas com a inten\u00e7\u00e3o de a beneficiar, por quem a ela est\u00e1 ligada por uma rela\u00e7\u00e3o ou v\u00ednculo jur\u00eddico, podendo ser necess\u00e1rias, \u00fateis e volunt\u00e1rias, consoante o benef\u00edcio efectivamente obtido.<\/div>\n<\/li>\n<li>\n<div align=\"justify\">As obras relacionadas com a instala\u00e7\u00e3o el\u00e9ctrica, com a constru\u00e7\u00e3o do quarto de banho e com a planta\u00e7\u00e3o de \u00e1rvores devem ser consideradas como benfeitorias \u00fateis, j\u00e1 que \u00e9 patente que as mesmas visam t\u00e3o s\u00f3 aumentar as potencialidades do gozo do locado e n\u00e3o evitar a perda, deteriora\u00e7\u00e3o ou destrui\u00e7\u00e3o do pr\u00e9dio.<\/div>\n<\/li>\n<li>\n<div align=\"justify\">Tratando-se de benfeitorias \u00fateis a regra \u00e9 de que o possuidor benfeitorizante tem direito, em princ\u00edpio, a levant\u00e1-las, s\u00f3 assim n\u00e3o acontecendo se o seu levantamento causar detrimento da coisa ( benfeitorizada ) e o dono dela, invocando esse detrimento, se opuser a tal levantamento, situa\u00e7\u00e3o em que, a troco de ficar com elas, \u00e9 obrigado a indemnizar o possuidor dessas benfeitorias, segundo as regras do enriquecimento sem causa.<\/div>\n<\/li>\n<li>\n<div align=\"justify\">N\u00e3o querendo o dono da coisa benfeitorizada , ou n\u00e3o lhe interessando, continuar a usufruir dos melhoramentos ou comodidades levadas a cabo pelo possuidor benfeitorizante, \u00e9 irrazo\u00e1vel impor-lhe a obriga\u00e7\u00e3o de, contra a sua vontade, ter de ficar com as benfeitorias e obrigando-o ainda a ter de pagar uma indemniza\u00e7\u00e3o ao seu autor, s\u00f3 pelo facto de o seu levantamento causar detrimento na sua pr\u00f3pria coisa , e que aceita.<\/div>\n<\/li>\n<\/ol>\n<p align=\"justify\"><a target=\"\u02cdblank\" href=\"http:\/\/www.dgsi.pt\/jtrc.nsf\/c3fb530030ea1c61802568d9005cd5bb\/4f4dc6d124418e5780257019003d0f8d?OpenDocument\" rel=\"noopener noreferrer\">Consultar texto integral<\/a><\/p>\n","protected":false},"excerpt":{"rendered":"<div class=\"pvc_clear\"><\/div>\n<p id=\"pvc_stats_24925\" class=\"pvc_stats all  \" data-element-id=\"24925\" style=\"\"><i class=\"pvc-stats-icon small\" aria-hidden=\"true\"><svg aria-hidden=\"true\" focusable=\"false\" data-prefix=\"far\" data-icon=\"chart-bar\" role=\"img\" xmlns=\"http:\/\/www.w3.org\/2000\/svg\" viewBox=\"0 0 512 512\" class=\"svg-inline--fa fa-chart-bar fa-w-16 fa-2x\"><path fill=\"currentColor\" d=\"M396.8 352h22.4c6.4 0 12.8-6.4 12.8-12.8V108.8c0-6.4-6.4-12.8-12.8-12.8h-22.4c-6.4 0-12.8 6.4-12.8 12.8v230.4c0 6.4 6.4 12.8 12.8 12.8zm-192 0h22.4c6.4 0 12.8-6.4 12.8-12.8V140.8c0-6.4-6.4-12.8-12.8-12.8h-22.4c-6.4 0-12.8 6.4-12.8 12.8v198.4c0 6.4 6.4 12.8 12.8 12.8zm96 0h22.4c6.4 0 12.8-6.4 12.8-12.8V204.8c0-6.4-6.4-12.8-12.8-12.8h-22.4c-6.4 0-12.8 6.4-12.8 12.8v134.4c0 6.4 6.4 12.8 12.8 12.8zM496 400H48V80c0-8.84-7.16-16-16-16H16C7.16 64 0 71.16 0 80v336c0 17.67 14.33 32 32 32h464c8.84 0 16-7.16 16-16v-16c0-8.84-7.16-16-16-16zm-387.2-48h22.4c6.4 0 12.8-6.4 12.8-12.8v-70.4c0-6.4-6.4-12.8-12.8-12.8h-22.4c-6.4 0-12.8 6.4-12.8 12.8v70.4c0 6.4 6.4 12.8 12.8 12.8z\" class=\"\"><\/path><\/svg><\/i> <img src=\"https:\/\/trc.pt\/2020\/wp-content\/plugins\/page-views-count\/ajax-loader.gif\" border=0 \/><\/p>\n<div class=\"pvc_clear\"><\/div>\n<p>ARRENDAMENTO URBANO. BENFEITORIAS \u00daTEIS. INDEMNIZA\u00c7\u00c3O APELA\u00c7\u00c3O N&ordm; 1009\/05 Relator: DR. ISA\u00cdAS P\u00c1DUA Data do Acord\u00e3o: 31-05-2005 Tribunal:&nbsp; NELAS Legisla\u00e7\u00e3o: ART&ordm;S<\/p>\n","protected":false},"author":1,"featured_media":0,"comment_status":"open","ping_status":"open","sticky":false,"template":"","format":"standard","meta":[],"categories":[229],"tags":[],"_links":{"self":[{"href":"https:\/\/trc.pt\/2020\/wp-json\/wp\/v2\/posts\/24925"}],"collection":[{"href":"https:\/\/trc.pt\/2020\/wp-json\/wp\/v2\/posts"}],"about":[{"href":"https:\/\/trc.pt\/2020\/wp-json\/wp\/v2\/types\/post"}],"author":[{"embeddable":true,"href":"https:\/\/trc.pt\/2020\/wp-json\/wp\/v2\/users\/1"}],"replies":[{"embeddable":true,"href":"https:\/\/trc.pt\/2020\/wp-json\/wp\/v2\/comments?post=24925"}],"version-history":[{"count":0,"href":"https:\/\/trc.pt\/2020\/wp-json\/wp\/v2\/posts\/24925\/revisions"}],"wp:attachment":[{"href":"https:\/\/trc.pt\/2020\/wp-json\/wp\/v2\/media?parent=24925"}],"wp:term":[{"taxonomy":"category","embeddable":true,"href":"https:\/\/trc.pt\/2020\/wp-json\/wp\/v2\/categories?post=24925"},{"taxonomy":"post_tag","embeddable":true,"href":"https:\/\/trc.pt\/2020\/wp-json\/wp\/v2\/tags?post=24925"}],"curies":[{"name":"wp","href":"https:\/\/api.w.org\/{rel}","templated":true}]}}