{"id":24734,"date":"2011-04-12T12:41:06","date_gmt":"2011-04-12T12:41:06","guid":{"rendered":"https:\/\/trc.pt\/\/2011\/04\/12\/ap756082tbvisc1\/"},"modified":"2011-04-12T12:41:06","modified_gmt":"2011-04-12T12:41:06","slug":"ap756082tbvisc1","status":"publish","type":"post","link":"https:\/\/trc.pt\/2020\/ap756082tbvisc1\/","title":{"rendered":"Acidente de via\u00e7\u00e3o. Dano corporal. Avalia\u00e7\u00e3o. Incapacidade permanente. Indemniza\u00e7\u00e3o"},"content":{"rendered":"<div class=\"pvc_clear\"><\/div>\n<p id=\"pvc_stats_24734\" class=\"pvc_stats all  \" data-element-id=\"24734\" style=\"\"><i class=\"pvc-stats-icon small\" aria-hidden=\"true\"><svg aria-hidden=\"true\" focusable=\"false\" data-prefix=\"far\" data-icon=\"chart-bar\" role=\"img\" xmlns=\"http:\/\/www.w3.org\/2000\/svg\" viewBox=\"0 0 512 512\" class=\"svg-inline--fa fa-chart-bar fa-w-16 fa-2x\"><path fill=\"currentColor\" d=\"M396.8 352h22.4c6.4 0 12.8-6.4 12.8-12.8V108.8c0-6.4-6.4-12.8-12.8-12.8h-22.4c-6.4 0-12.8 6.4-12.8 12.8v230.4c0 6.4 6.4 12.8 12.8 12.8zm-192 0h22.4c6.4 0 12.8-6.4 12.8-12.8V140.8c0-6.4-6.4-12.8-12.8-12.8h-22.4c-6.4 0-12.8 6.4-12.8 12.8v198.4c0 6.4 6.4 12.8 12.8 12.8zm96 0h22.4c6.4 0 12.8-6.4 12.8-12.8V204.8c0-6.4-6.4-12.8-12.8-12.8h-22.4c-6.4 0-12.8 6.4-12.8 12.8v134.4c0 6.4 6.4 12.8 12.8 12.8zM496 400H48V80c0-8.84-7.16-16-16-16H16C7.16 64 0 71.16 0 80v336c0 17.67 14.33 32 32 32h464c8.84 0 16-7.16 16-16v-16c0-8.84-7.16-16-16-16zm-387.2-48h22.4c6.4 0 12.8-6.4 12.8-12.8v-70.4c0-6.4-6.4-12.8-12.8-12.8h-22.4c-6.4 0-12.8 6.4-12.8 12.8v70.4c0 6.4 6.4 12.8 12.8 12.8z\" class=\"\"><\/path><\/svg><\/i> <img src=\"https:\/\/trc.pt\/2020\/wp-content\/plugins\/page-views-count\/ajax-loader.gif\" border=0 \/><\/p>\n<div class=\"pvc_clear\"><\/div>\n<p style=\"text-align: justify\"><strong>ACIDENTE DE VIA\u00c7\u00c3O. DANO CORPORAL. AVALIA\u00c7\u00c3O. INCAPACIDADE PERMANENTE. INDEMNIZA\u00c7\u00c3O&nbsp;&nbsp;<\/strong><\/p>\n<p style=\"text-align: justify\"><strong>APELA\u00c7\u00c3O N&ordm;<\/strong> 756\/08.2TBVIS.C1 <br \/> <strong>Relator:<\/strong> FONTE RAMOS <br \/> <strong>Data do Acord\u00e3o: <\/strong>12-04-2011 <br \/> <strong>Tribunal:<\/strong> VISEU&nbsp;<br \/> <strong>Legisla\u00e7\u00e3o: <\/strong>ARTS.4, 8, 494, 496, 562, 563, 564, 566 CC, DL N&ordm; 352\/2007 DE 23.10<\/p>\n<p style=\"text-align: justify\"><strong>Sum\u00e1rio: <\/strong><\/p>\n<ol>\n<li style=\"text-align: justify\">Na avalia\u00e7\u00e3o do dano corporal, segundo o DL n&ordm; 352\/2007, de 23.10 (Tabela Nacional para Avalia\u00e7\u00e3o de Incapacidades Permanentes em Direito Civil ), a &ldquo;pontua\u00e7\u00e3o &ldquo; prevista nas tabelas ( cf. Anexo II ) n\u00e3o equivale \u00e0 percentagem de incapacidade, e enquanto &ldquo;unidades de aprecia\u00e7\u00e3o&rdquo; est\u00e3o sujeitas \u00e0 livre aprecia\u00e7\u00e3o do tribunal, que, face aos elementos apurados, pode ultrapassar os limites definidos nas referidas tabelas.<\/li>\n<li style=\"text-align: justify\">A incapacidade permanente \u00e9, de per si, um dano patrimonial indemniz\u00e1vel pela incapacidade em que o lesado se encontra e encontrar\u00e1 na sua condi\u00e7\u00e3o f\u00edsica e ps\u00edquica, quanto \u00e0 sua resist\u00eancia e capacidade de esfor\u00e7os, independentemente da prova de um preju\u00edzo pecuni\u00e1rio concreto.<\/li>\n<li style=\"text-align: justify\">Em situa\u00e7\u00f5es de relativa autonomia da limita\u00e7\u00e3o funcional, a incapacidade permanente parcial com reflexo na actividade em geral e profissional n\u00e3o dever\u00e1 ser compensada por forma englobante no contexto do &ldquo;dano biol\u00f3gico&rdquo; mas como dano patrimonial.<\/li>\n<li style=\"text-align: justify\">O crit\u00e9rio geral para a atribui\u00e7\u00e3o da respectiva indemniza\u00e7\u00e3o \u00e9 o da equidade ( arts.4 a) e 566 n&ordm;3 CC ) e o princ\u00edpio da uniformidade ( art.8 n&ordm;3 CC), com apelo aos casos an\u00e1logos da jurisprud\u00eancia, pelo que o m\u00e9todo de c\u00e1lculo das tabelas financeiras s\u00f3 releva como mero instrumento de trabalho, com fun\u00e7\u00e3o adjuvante da avalia\u00e7\u00e3o equitativa.<\/li>\n<li style=\"text-align: justify\">Em todo o caso, o julgamento do recurso n\u00e3o pode melhorar a posi\u00e7\u00e3o do recorrente em termos de lhe conceder mais do que ele solicita.<\/li>\n<li style=\"text-align: justify\">Na compensa\u00e7\u00e3o por danos n\u00e3o patrimoniais, o tribunal h\u00e1-de decidir segundo a equidade, tomando em considera\u00e7\u00e3o a culpabilidade do agente, a situa\u00e7\u00e3o econ\u00f3mica deste e do lesado e as demais circunst\u00e2ncias do caso, bem como as exig\u00eancias do princ\u00edpio da igualdade.\n<p>     <a target=\"_blank\" href=\"http:\/\/www.dgsi.pt\/jtrc.nsf\/8fe0e606d8f56b22802576c0005637dc\/8c8ba74da9515b008025789300381187?OpenDocument\" rel=\"noopener noreferrer\">Consultar texto integral<\/a>     <\/p>\n<p style=\"text-align: justify\">&nbsp;<\/p>\n<\/li>\n<\/ol>\n","protected":false},"excerpt":{"rendered":"<div class=\"pvc_clear\"><\/div>\n<p id=\"pvc_stats_24734\" class=\"pvc_stats all  \" data-element-id=\"24734\" style=\"\"><i class=\"pvc-stats-icon small\" aria-hidden=\"true\"><svg aria-hidden=\"true\" focusable=\"false\" data-prefix=\"far\" data-icon=\"chart-bar\" role=\"img\" xmlns=\"http:\/\/www.w3.org\/2000\/svg\" viewBox=\"0 0 512 512\" class=\"svg-inline--fa fa-chart-bar fa-w-16 fa-2x\"><path fill=\"currentColor\" d=\"M396.8 352h22.4c6.4 0 12.8-6.4 12.8-12.8V108.8c0-6.4-6.4-12.8-12.8-12.8h-22.4c-6.4 0-12.8 6.4-12.8 12.8v230.4c0 6.4 6.4 12.8 12.8 12.8zm-192 0h22.4c6.4 0 12.8-6.4 12.8-12.8V140.8c0-6.4-6.4-12.8-12.8-12.8h-22.4c-6.4 0-12.8 6.4-12.8 12.8v198.4c0 6.4 6.4 12.8 12.8 12.8zm96 0h22.4c6.4 0 12.8-6.4 12.8-12.8V204.8c0-6.4-6.4-12.8-12.8-12.8h-22.4c-6.4 0-12.8 6.4-12.8 12.8v134.4c0 6.4 6.4 12.8 12.8 12.8zM496 400H48V80c0-8.84-7.16-16-16-16H16C7.16 64 0 71.16 0 80v336c0 17.67 14.33 32 32 32h464c8.84 0 16-7.16 16-16v-16c0-8.84-7.16-16-16-16zm-387.2-48h22.4c6.4 0 12.8-6.4 12.8-12.8v-70.4c0-6.4-6.4-12.8-12.8-12.8h-22.4c-6.4 0-12.8 6.4-12.8 12.8v70.4c0 6.4 6.4 12.8 12.8 12.8z\" class=\"\"><\/path><\/svg><\/i> <img src=\"https:\/\/trc.pt\/2020\/wp-content\/plugins\/page-views-count\/ajax-loader.gif\" border=0 \/><\/p>\n<div class=\"pvc_clear\"><\/div>\n<p>ACIDENTE DE VIA\u00c7\u00c3O. DANO CORPORAL. AVALIA\u00c7\u00c3O. INCAPACIDADE PERMANENTE. INDEMNIZA\u00c7\u00c3O&nbsp;&nbsp; APELA\u00c7\u00c3O N&ordm; 756\/08.2TBVIS.C1 Relator: FONTE RAMOS Data do Acord\u00e3o: 12-04-2011 Tribunal:<\/p>\n","protected":false},"author":1,"featured_media":0,"comment_status":"open","ping_status":"open","sticky":false,"template":"","format":"standard","meta":[],"categories":[229],"tags":[],"_links":{"self":[{"href":"https:\/\/trc.pt\/2020\/wp-json\/wp\/v2\/posts\/24734"}],"collection":[{"href":"https:\/\/trc.pt\/2020\/wp-json\/wp\/v2\/posts"}],"about":[{"href":"https:\/\/trc.pt\/2020\/wp-json\/wp\/v2\/types\/post"}],"author":[{"embeddable":true,"href":"https:\/\/trc.pt\/2020\/wp-json\/wp\/v2\/users\/1"}],"replies":[{"embeddable":true,"href":"https:\/\/trc.pt\/2020\/wp-json\/wp\/v2\/comments?post=24734"}],"version-history":[{"count":0,"href":"https:\/\/trc.pt\/2020\/wp-json\/wp\/v2\/posts\/24734\/revisions"}],"wp:attachment":[{"href":"https:\/\/trc.pt\/2020\/wp-json\/wp\/v2\/media?parent=24734"}],"wp:term":[{"taxonomy":"category","embeddable":true,"href":"https:\/\/trc.pt\/2020\/wp-json\/wp\/v2\/categories?post=24734"},{"taxonomy":"post_tag","embeddable":true,"href":"https:\/\/trc.pt\/2020\/wp-json\/wp\/v2\/tags?post=24734"}],"curies":[{"name":"wp","href":"https:\/\/api.w.org\/{rel}","templated":true}]}}