{"id":24099,"date":"2010-01-26T10:42:13","date_gmt":"2010-01-26T10:42:13","guid":{"rendered":"https:\/\/trc.pt\/\/2010\/01\/26\/conferencia-espacos-da-justica-passado-presente-e-futuro\/"},"modified":"2010-01-26T10:42:13","modified_gmt":"2010-01-26T10:42:13","slug":"conferencia-espacos-da-justica-passado-presente-e-futuro","status":"publish","type":"post","link":"https:\/\/trc.pt\/2020\/conferencia-espacos-da-justica-passado-presente-e-futuro\/","title":{"rendered":"CONFER\u00caNCIA:\u00a0Espa\u00e7os da Justi\u00e7a , Passado, Presente e Futuro"},"content":{"rendered":"<div class=\"pvc_clear\"><\/div>\n<p id=\"pvc_stats_24099\" class=\"pvc_stats all  \" data-element-id=\"24099\" style=\"\"><i class=\"pvc-stats-icon small\" aria-hidden=\"true\"><svg aria-hidden=\"true\" focusable=\"false\" data-prefix=\"far\" data-icon=\"chart-bar\" role=\"img\" xmlns=\"http:\/\/www.w3.org\/2000\/svg\" viewBox=\"0 0 512 512\" class=\"svg-inline--fa fa-chart-bar fa-w-16 fa-2x\"><path fill=\"currentColor\" d=\"M396.8 352h22.4c6.4 0 12.8-6.4 12.8-12.8V108.8c0-6.4-6.4-12.8-12.8-12.8h-22.4c-6.4 0-12.8 6.4-12.8 12.8v230.4c0 6.4 6.4 12.8 12.8 12.8zm-192 0h22.4c6.4 0 12.8-6.4 12.8-12.8V140.8c0-6.4-6.4-12.8-12.8-12.8h-22.4c-6.4 0-12.8 6.4-12.8 12.8v198.4c0 6.4 6.4 12.8 12.8 12.8zm96 0h22.4c6.4 0 12.8-6.4 12.8-12.8V204.8c0-6.4-6.4-12.8-12.8-12.8h-22.4c-6.4 0-12.8 6.4-12.8 12.8v134.4c0 6.4 6.4 12.8 12.8 12.8zM496 400H48V80c0-8.84-7.16-16-16-16H16C7.16 64 0 71.16 0 80v336c0 17.67 14.33 32 32 32h464c8.84 0 16-7.16 16-16v-16c0-8.84-7.16-16-16-16zm-387.2-48h22.4c6.4 0 12.8-6.4 12.8-12.8v-70.4c0-6.4-6.4-12.8-12.8-12.8h-22.4c-6.4 0-12.8 6.4-12.8 12.8v70.4c0 6.4 6.4 12.8 12.8 12.8z\" class=\"\"><\/path><\/svg><\/i> <img src=\"https:\/\/trc.pt\/2020\/wp-content\/plugins\/page-views-count\/ajax-loader.gif\" border=0 \/><\/p>\n<div class=\"pvc_clear\"><\/div>\n<p> \t<strong><span style=\"color: #336600\">Sal\u00e3o Nobre do Pal\u00e1cio da Justi\u00e7a de Coimbra<\/span><\/strong><\/p>\n<p> \t<span style=\"color: #990000\"><strong><u>Dia 27-01-2010 &#8211; 21 horas<\/u><\/strong><\/span><\/p>\n<p> <!--more--> <\/p>\n<p> \t<strong><u><span style=\"background-color: #ffcc99\">Confer\u00eancia:<\/span><\/u><\/strong><\/p>\n<p> \t<strong><span style=\"font-size: 12pt; color: #000066\">Dr. Ant\u00f3nio Nunes<\/span><\/strong><br \/> \t<strong>Mestre em Hist\u00f3ria e Chefe da Divis\u00e3o e Patrim\u00f3nio Hist\u00f3rico do Minist\u00e9rio da Justi\u00e7a<\/strong><\/p>\n<p> \t<strong><u><span style=\"background-color: #ffcc99\">Comentadores:<\/span><\/u><\/strong><\/p>\n<p> \t<span style=\"font-size: 12pt; color: #000066\"><strong>Dr. \u00c1lvaro Laborinho L\u00facio<br \/> \t<span style=\"font-size: 8pt; color: #000000\">Juiz Conselheiro Jubilado, Membro do Conselho Superior da Magistratura<\/span><\/strong><\/span><\/p>\n<p> \t<span style=\"font-size: 12pt; color: #000066\"><strong>Prof. Dr. Arquitecto Jos\u00e9 Ant\u00f3nio Bandeirinha<br \/> \t<span style=\"font-size: 8pt; color: #000000\">Departamento de Arquitectura da FCTUC<\/span><\/strong><\/span><\/p>\n<p> \t<span style=\"background-color: #ffcc99\">Organiza\u00e7\u00e3o:<\/span><br \/> \t<strong><span style=\"color: #330099\">Associa\u00e7\u00e3o Jur\u00eddica de Coimbra REP\u00daBLICA DO DIREITO<\/span><\/strong><\/p>\n<p> \t<span style=\"color: #000000; background-color: #ffcc99\">Patroc\u00ednio:<br \/> \t<\/span><span style=\"color: #330066\"><strong>Coimbra Editora<\/strong><\/span><\/p>\n<p> \t&nbsp;<\/p>\n<p> \t&nbsp;<\/p>\n","protected":false},"excerpt":{"rendered":"<div class=\"pvc_clear\"><\/div>\n<p id=\"pvc_stats_24099\" class=\"pvc_stats all  \" data-element-id=\"24099\" style=\"\"><i class=\"pvc-stats-icon small\" aria-hidden=\"true\"><svg aria-hidden=\"true\" focusable=\"false\" data-prefix=\"far\" data-icon=\"chart-bar\" role=\"img\" xmlns=\"http:\/\/www.w3.org\/2000\/svg\" viewBox=\"0 0 512 512\" class=\"svg-inline--fa fa-chart-bar fa-w-16 fa-2x\"><path fill=\"currentColor\" d=\"M396.8 352h22.4c6.4 0 12.8-6.4 12.8-12.8V108.8c0-6.4-6.4-12.8-12.8-12.8h-22.4c-6.4 0-12.8 6.4-12.8 12.8v230.4c0 6.4 6.4 12.8 12.8 12.8zm-192 0h22.4c6.4 0 12.8-6.4 12.8-12.8V140.8c0-6.4-6.4-12.8-12.8-12.8h-22.4c-6.4 0-12.8 6.4-12.8 12.8v198.4c0 6.4 6.4 12.8 12.8 12.8zm96 0h22.4c6.4 0 12.8-6.4 12.8-12.8V204.8c0-6.4-6.4-12.8-12.8-12.8h-22.4c-6.4 0-12.8 6.4-12.8 12.8v134.4c0 6.4 6.4 12.8 12.8 12.8zM496 400H48V80c0-8.84-7.16-16-16-16H16C7.16 64 0 71.16 0 80v336c0 17.67 14.33 32 32 32h464c8.84 0 16-7.16 16-16v-16c0-8.84-7.16-16-16-16zm-387.2-48h22.4c6.4 0 12.8-6.4 12.8-12.8v-70.4c0-6.4-6.4-12.8-12.8-12.8h-22.4c-6.4 0-12.8 6.4-12.8 12.8v70.4c0 6.4 6.4 12.8 12.8 12.8z\" class=\"\"><\/path><\/svg><\/i> <img src=\"https:\/\/trc.pt\/2020\/wp-content\/plugins\/page-views-count\/ajax-loader.gif\" border=0 \/><\/p>\n<div class=\"pvc_clear\"><\/div>\n<p>Sal\u00e3o Nobre do Pal\u00e1cio da Justi\u00e7a de Coimbra Dia 27-01-2010 &#8211; 21 horas<\/p>\n","protected":false},"author":1,"featured_media":0,"comment_status":"open","ping_status":"open","sticky":false,"template":"","format":"standard","meta":[],"categories":[239],"tags":[],"_links":{"self":[{"href":"https:\/\/trc.pt\/2020\/wp-json\/wp\/v2\/posts\/24099"}],"collection":[{"href":"https:\/\/trc.pt\/2020\/wp-json\/wp\/v2\/posts"}],"about":[{"href":"https:\/\/trc.pt\/2020\/wp-json\/wp\/v2\/types\/post"}],"author":[{"embeddable":true,"href":"https:\/\/trc.pt\/2020\/wp-json\/wp\/v2\/users\/1"}],"replies":[{"embeddable":true,"href":"https:\/\/trc.pt\/2020\/wp-json\/wp\/v2\/comments?post=24099"}],"version-history":[{"count":0,"href":"https:\/\/trc.pt\/2020\/wp-json\/wp\/v2\/posts\/24099\/revisions"}],"wp:attachment":[{"href":"https:\/\/trc.pt\/2020\/wp-json\/wp\/v2\/media?parent=24099"}],"wp:term":[{"taxonomy":"category","embeddable":true,"href":"https:\/\/trc.pt\/2020\/wp-json\/wp\/v2\/categories?post=24099"},{"taxonomy":"post_tag","embeddable":true,"href":"https:\/\/trc.pt\/2020\/wp-json\/wp\/v2\/tags?post=24099"}],"curies":[{"name":"wp","href":"https:\/\/api.w.org\/{rel}","templated":true}]}}