{"id":23882,"date":"2012-03-14T14:55:07","date_gmt":"2012-03-14T14:55:07","guid":{"rendered":"https:\/\/trc.pt\/\/2012\/03\/14\/ap497082tbtnvc1\/"},"modified":"2012-03-14T14:55:07","modified_gmt":"2012-03-14T14:55:07","slug":"ap497082tbtnvc1","status":"publish","type":"post","link":"https:\/\/trc.pt\/2020\/ap497082tbtnvc1\/","title":{"rendered":"Ac\u00e7\u00e3o de demarca\u00e7\u00e3o. Ac\u00e7\u00e3o comum"},"content":{"rendered":"<div class=\"pvc_clear\"><\/div>\n<p id=\"pvc_stats_23882\" class=\"pvc_stats all  \" data-element-id=\"23882\" style=\"\"><i class=\"pvc-stats-icon small\" aria-hidden=\"true\"><svg aria-hidden=\"true\" focusable=\"false\" data-prefix=\"far\" data-icon=\"chart-bar\" role=\"img\" xmlns=\"http:\/\/www.w3.org\/2000\/svg\" viewBox=\"0 0 512 512\" class=\"svg-inline--fa fa-chart-bar fa-w-16 fa-2x\"><path fill=\"currentColor\" d=\"M396.8 352h22.4c6.4 0 12.8-6.4 12.8-12.8V108.8c0-6.4-6.4-12.8-12.8-12.8h-22.4c-6.4 0-12.8 6.4-12.8 12.8v230.4c0 6.4 6.4 12.8 12.8 12.8zm-192 0h22.4c6.4 0 12.8-6.4 12.8-12.8V140.8c0-6.4-6.4-12.8-12.8-12.8h-22.4c-6.4 0-12.8 6.4-12.8 12.8v198.4c0 6.4 6.4 12.8 12.8 12.8zm96 0h22.4c6.4 0 12.8-6.4 12.8-12.8V204.8c0-6.4-6.4-12.8-12.8-12.8h-22.4c-6.4 0-12.8 6.4-12.8 12.8v134.4c0 6.4 6.4 12.8 12.8 12.8zM496 400H48V80c0-8.84-7.16-16-16-16H16C7.16 64 0 71.16 0 80v336c0 17.67 14.33 32 32 32h464c8.84 0 16-7.16 16-16v-16c0-8.84-7.16-16-16-16zm-387.2-48h22.4c6.4 0 12.8-6.4 12.8-12.8v-70.4c0-6.4-6.4-12.8-12.8-12.8h-22.4c-6.4 0-12.8 6.4-12.8 12.8v70.4c0 6.4 6.4 12.8 12.8 12.8z\" class=\"\"><\/path><\/svg><\/i> <img src=\"https:\/\/trc.pt\/2020\/wp-content\/plugins\/page-views-count\/ajax-loader.gif\" border=0 \/><\/p>\n<div class=\"pvc_clear\"><\/div>\n<p style=\"text-align: justify\"><strong>AC\u00c7\u00c3O DE DEMARCA\u00c7\u00c3O. AC\u00c7\u00c3O COMUM&nbsp;&nbsp;<\/strong><\/p>\n<p style=\"text-align: justify\"><strong> APELA\u00c7\u00c3O N&ordm;<\/strong> 497\/08.2TBTNV.C1 <br \/> <strong>Relator:<\/strong> BARATEIRO MARTINS <br \/> <strong>Data do Acord\u00e3o:<\/strong> 07-02-2012 <br \/> <strong>Tribunal: <\/strong>TORRES NOVAS 2&ordm; J&nbsp;<br \/> <strong>Legisla\u00e7\u00e3o:<\/strong> ARTIGO 1354&ordm; DO CC <br \/> <strong>Sum\u00e1rio: <\/strong><\/p>\n<ol>\n<li style=\"text-align: justify\">A reforma processual de 95\/96 p\u00f4s termo \u00e0 previs\u00e3o da ac\u00e7\u00e3o de demarca\u00e7\u00e3o como um processo especial.<\/li>\n<li style=\"text-align: justify\">Na actual ac\u00e7\u00e3o comum de demarca\u00e7\u00e3o tem que, em abstracto, continuar a considerar-se os v\u00e1rios &ldquo;momentos&rdquo; que antes existiam, autonomamente, no processo especial: no primeiro &ldquo;momento&rdquo; resolve-se a quest\u00e3o do direito \u00e0 demarca\u00e7\u00e3o, de acordo com a prova da exist\u00eancia de pr\u00e9dios confinantes, pertencentes a propriet\u00e1rios distintos, cujas estremas s\u00e3o incertas ou duvidosas; no segundo &ldquo;momento&rdquo; passa-se, ent\u00e3o, ao estabelecimento da linha de demarca\u00e7\u00e3o.<\/li>\n<li style=\"text-align: justify\">A ac\u00e7\u00e3o comum de demarca\u00e7\u00e3o em que se demonstra que os pr\u00e9dios est\u00e3o divididos\/demarcados e que a linha divis\u00f3ria coincide com um muro l\u00e1 existente \u00e9 improcedente, por os autores n\u00e3o terem provado a causa de pedir da demarca\u00e7\u00e3o.\n<p>     <a target=\"_blank\" href=\"http:\/\/www.dgsi.pt\/jtrc.nsf\/8fe0e606d8f56b22802576c0005637dc\/25d02d8432189f1f802579c1003ac492?OpenDocument\" rel=\"noopener noreferrer\">Consultar texto integral<\/a><\/li>\n<p style=\"text-align: justify\">&nbsp;<\/p>\n<\/ol>\n","protected":false},"excerpt":{"rendered":"<div class=\"pvc_clear\"><\/div>\n<p id=\"pvc_stats_23882\" class=\"pvc_stats all  \" data-element-id=\"23882\" style=\"\"><i class=\"pvc-stats-icon small\" aria-hidden=\"true\"><svg aria-hidden=\"true\" focusable=\"false\" data-prefix=\"far\" data-icon=\"chart-bar\" role=\"img\" xmlns=\"http:\/\/www.w3.org\/2000\/svg\" viewBox=\"0 0 512 512\" class=\"svg-inline--fa fa-chart-bar fa-w-16 fa-2x\"><path fill=\"currentColor\" d=\"M396.8 352h22.4c6.4 0 12.8-6.4 12.8-12.8V108.8c0-6.4-6.4-12.8-12.8-12.8h-22.4c-6.4 0-12.8 6.4-12.8 12.8v230.4c0 6.4 6.4 12.8 12.8 12.8zm-192 0h22.4c6.4 0 12.8-6.4 12.8-12.8V140.8c0-6.4-6.4-12.8-12.8-12.8h-22.4c-6.4 0-12.8 6.4-12.8 12.8v198.4c0 6.4 6.4 12.8 12.8 12.8zm96 0h22.4c6.4 0 12.8-6.4 12.8-12.8V204.8c0-6.4-6.4-12.8-12.8-12.8h-22.4c-6.4 0-12.8 6.4-12.8 12.8v134.4c0 6.4 6.4 12.8 12.8 12.8zM496 400H48V80c0-8.84-7.16-16-16-16H16C7.16 64 0 71.16 0 80v336c0 17.67 14.33 32 32 32h464c8.84 0 16-7.16 16-16v-16c0-8.84-7.16-16-16-16zm-387.2-48h22.4c6.4 0 12.8-6.4 12.8-12.8v-70.4c0-6.4-6.4-12.8-12.8-12.8h-22.4c-6.4 0-12.8 6.4-12.8 12.8v70.4c0 6.4 6.4 12.8 12.8 12.8z\" class=\"\"><\/path><\/svg><\/i> <img src=\"https:\/\/trc.pt\/2020\/wp-content\/plugins\/page-views-count\/ajax-loader.gif\" border=0 \/><\/p>\n<div class=\"pvc_clear\"><\/div>\n<p>AC\u00c7\u00c3O DE DEMARCA\u00c7\u00c3O. AC\u00c7\u00c3O COMUM&nbsp;&nbsp; APELA\u00c7\u00c3O N&ordm; 497\/08.2TBTNV.C1 Relator: BARATEIRO MARTINS Data do Acord\u00e3o: 07-02-2012 Tribunal: TORRES NOVAS 2&ordm; J&nbsp;<\/p>\n","protected":false},"author":1,"featured_media":0,"comment_status":"open","ping_status":"open","sticky":false,"template":"","format":"standard","meta":[],"categories":[229],"tags":[],"_links":{"self":[{"href":"https:\/\/trc.pt\/2020\/wp-json\/wp\/v2\/posts\/23882"}],"collection":[{"href":"https:\/\/trc.pt\/2020\/wp-json\/wp\/v2\/posts"}],"about":[{"href":"https:\/\/trc.pt\/2020\/wp-json\/wp\/v2\/types\/post"}],"author":[{"embeddable":true,"href":"https:\/\/trc.pt\/2020\/wp-json\/wp\/v2\/users\/1"}],"replies":[{"embeddable":true,"href":"https:\/\/trc.pt\/2020\/wp-json\/wp\/v2\/comments?post=23882"}],"version-history":[{"count":0,"href":"https:\/\/trc.pt\/2020\/wp-json\/wp\/v2\/posts\/23882\/revisions"}],"wp:attachment":[{"href":"https:\/\/trc.pt\/2020\/wp-json\/wp\/v2\/media?parent=23882"}],"wp:term":[{"taxonomy":"category","embeddable":true,"href":"https:\/\/trc.pt\/2020\/wp-json\/wp\/v2\/categories?post=23882"},{"taxonomy":"post_tag","embeddable":true,"href":"https:\/\/trc.pt\/2020\/wp-json\/wp\/v2\/tags?post=23882"}],"curies":[{"name":"wp","href":"https:\/\/api.w.org\/{rel}","templated":true}]}}